{"id":743,"date":"2024-12-10T12:04:07","date_gmt":"2024-12-10T11:04:07","guid":{"rendered":"https:\/\/beveragecarton.be\/?p=743"},"modified":"2024-12-12T12:20:56","modified_gmt":"2024-12-12T11:20:56","slug":"article-2-premiere-video-dace-sur-linkedin","status":"publish","type":"post","link":"https:\/\/beveragecarton.be\/fr\/article-2-premiere-video-dace-sur-linkedin\/","title":{"rendered":"Article 2 : Premi\u00e8re vid\u00e9o d\u2019ACE sur LinkedIn"},"content":{"rendered":"\n<p>Aux c\u00f4t\u00e9s des autres acteurs du secteur (fournisseurs, producteurs, organismes de gestion, communes, entreprises de recyclage, etc.), ACE Belgium se mobilise pour mettre en place des actions concr\u00e8tes et \u00e9laborer des outils tangibles.<\/p>\n\n\n\n<p>Dans une nouvelle s\u00e9rie de vid\u00e9os, ACE Belgium laissera la parole \u00e0 ses partenaires sur diff\u00e9rents sujets dans les mois \u00e0 venir.<\/p>\n\n\n\n<p>Nathalie Walter, Directeur d\u2019ACE Belgium, a ouvert le bal en pr\u00e9sentant l\u2019organisation et ses principaux fers de lance.<\/p>\n\n\n\n<p>La vid\u00e9o est disponible sur notre page <a href=\"https:\/\/www.linkedin.com\/feed\/update\/urn:li:activity:7270064089085661184\">LinkedIn <\/a>et notre<a href=\"https:\/\/beveragecarton.be\/fr\/\"> site web<\/a><a href=\"http:\/\/www.beveragecarton.be\"> <\/a>. Envie de voir les prochaines vid\u00e9os\u00a0? Gardez dans ce cas un \u0153il sur la page <a href=\"https:\/\/www.linkedin.com\/feed\/update\/urn:li:activity:7270064089085661184\">LinkedIn <\/a>et le site web\u00a0!<\/p>\n\n\n\n<figure class=\"wp-block-image size-full\"><img loading=\"lazy\" decoding=\"async\" width=\"677\" height=\"331\" src=\"https:\/\/beveragecarton.be\/wp-content\/uploads\/2024\/12\/the-face-of-ace-.png\" alt=\"\" class=\"wp-image-841\" srcset=\"https:\/\/beveragecarton.be\/wp-content\/uploads\/2024\/12\/the-face-of-ace-.png 677w, https:\/\/beveragecarton.be\/wp-content\/uploads\/2024\/12\/the-face-of-ace--300x147.png 300w\" sizes=\"auto, (max-width: 677px) 100vw, 677px\" \/><\/figure>\n\n\n\n<p><\/p>\n","protected":false},"excerpt":{"rendered":"<p>Aux c\u00f4t\u00e9s des autres acteurs du secteur (fournisseurs, producteurs, organismes de gestion, communes, entreprises de recyclage, etc.), ACE Belgium se mobilise pour mettre en place des actions concr\u00e8tes et \u00e9laborer des outils tangibles. Dans une nouvelle s\u00e9rie de vid\u00e9os, ACE Belgium laissera la parole \u00e0 ses partenaires sur diff\u00e9rents sujets dans les mois \u00e0 venir. [&hellip;]<\/p>\n","protected":false},"author":1,"featured_media":0,"comment_status":"open","ping_status":"open","sticky":false,"template":"","format":"standard","meta":{"_acf_changed":false,"footnotes":""},"categories":[3],"tags":[],"class_list":["post-743","post","type-post","status-publish","format-standard","hentry","category-non-classifiee"],"acf":[],"_links":{"self":[{"href":"https:\/\/beveragecarton.be\/fr\/wp-json\/wp\/v2\/posts\/743","targetHints":{"allow":["GET"]}}],"collection":[{"href":"https:\/\/beveragecarton.be\/fr\/wp-json\/wp\/v2\/posts"}],"about":[{"href":"https:\/\/beveragecarton.be\/fr\/wp-json\/wp\/v2\/types\/post"}],"author":[{"embeddable":true,"href":"https:\/\/beveragecarton.be\/fr\/wp-json\/wp\/v2\/users\/1"}],"replies":[{"embeddable":true,"href":"https:\/\/beveragecarton.be\/fr\/wp-json\/wp\/v2\/comments?post=743"}],"version-history":[{"count":4,"href":"https:\/\/beveragecarton.be\/fr\/wp-json\/wp\/v2\/posts\/743\/revisions"}],"predecessor-version":[{"id":916,"href":"https:\/\/beveragecarton.be\/fr\/wp-json\/wp\/v2\/posts\/743\/revisions\/916"}],"wp:attachment":[{"href":"https:\/\/beveragecarton.be\/fr\/wp-json\/wp\/v2\/media?parent=743"}],"wp:term":[{"taxonomy":"category","embeddable":true,"href":"https:\/\/beveragecarton.be\/fr\/wp-json\/wp\/v2\/categories?post=743"},{"taxonomy":"post_tag","embeddable":true,"href":"https:\/\/beveragecarton.be\/fr\/wp-json\/wp\/v2\/tags?post=743"}],"curies":[{"name":"wp","href":"https:\/\/api.w.org\/{rel}","templated":true}]}}