{"id":755,"date":"2024-12-10T12:03:41","date_gmt":"2024-12-10T11:03:41","guid":{"rendered":"https:\/\/beveragecarton.be\/?p=755"},"modified":"2024-12-10T15:57:32","modified_gmt":"2024-12-10T14:57:32","slug":"article-5-fost-plus-lance-une-nouvelle-campagne-nationale-cest-un-emballage-tant-mieux-il-va-dans-le-sac-bleu","status":"publish","type":"post","link":"https:\/\/beveragecarton.be\/fr\/article-5-fost-plus-lance-une-nouvelle-campagne-nationale-cest-un-emballage-tant-mieux-il-va-dans-le-sac-bleu\/","title":{"rendered":"Article 5 : Fost Plus lance une nouvelle campagne nationale \u00ab\u00a0C\u2019est un emballage\u00a0? Tant mieux, il va dans le sac bleu\u00a0!\u00a0\u00bb"},"content":{"rendered":"\n<p>Le sac bleu souffle sa trenti\u00e8me bougie. Depuis sa cr\u00e9ation, les d\u00e9chets qu\u2019il peut contenir ont \u00e9t\u00e9 \u00e9largis aux emballages tels que les pots de yaourt et les sacs en plastique, ce qui facilite le tri. Pourtant, le nombre de d\u00e9chets inappropri\u00e9s qui atterrissent \u00e9galement dans le sac PMC, tels que des chaussures, des jouets, des textiles et des piles, ne cesse de cro\u00eetre. Chaque ann\u00e9e, pr\u00e8s de 40&nbsp;000*&nbsp;tonnes de d\u00e9chets mal tri\u00e9s sont jet\u00e9es dans le sac bleu PMC, ce qui repr\u00e9sente un sac bleu mal tri\u00e9 par personne. Ces erreurs de tri bloquent les installations et entra\u00eenent des risques d\u2019incendie dans les centres de tri. En outre, ce mauvais tri conduit \u00e0 la perte de mati\u00e8res pr\u00e9cieuses. C\u2019est la raison pour laquelle Fost Plus a lanc\u00e9 une campagne de sensibilisation. Avec le slogan \u00ab&nbsp;C\u2019est un emballage&nbsp;? Tant mieux, il va dans le sac bleu&nbsp;!&nbsp;\u00bb, l\u2019organisation vise \u00e0 clarifier les r\u00e8gles de tri.<\/p>\n\n\n\n<p><em>*&nbsp;R\u00e9sultat calcul\u00e9 sur la base du taux d\u2019erreur de tri d\u2019ao\u00fbt&nbsp;2024 appliqu\u00e9 \u00e0 la collecte totale de 2023.<\/em><\/p>\n\n\n\n<figure class=\"wp-block-image size-large is-resized\"><img loading=\"lazy\" decoding=\"async\" width=\"1024\" height=\"404\" src=\"https:\/\/beveragecarton.be\/wp-content\/uploads\/2024\/12\/isheteenverpakkingdanmaghetdezakinn-1024x404.png\" alt=\"\" class=\"wp-image-895\" style=\"width:626px;height:auto\" srcset=\"https:\/\/beveragecarton.be\/wp-content\/uploads\/2024\/12\/isheteenverpakkingdanmaghetdezakinn-1024x404.png 1024w, https:\/\/beveragecarton.be\/wp-content\/uploads\/2024\/12\/isheteenverpakkingdanmaghetdezakinn-300x118.png 300w, https:\/\/beveragecarton.be\/wp-content\/uploads\/2024\/12\/isheteenverpakkingdanmaghetdezakinn-768x303.png 768w, https:\/\/beveragecarton.be\/wp-content\/uploads\/2024\/12\/isheteenverpakkingdanmaghetdezakinn.png 1167w\" sizes=\"auto, (max-width: 1024px) 100vw, 1024px\" \/><\/figure>\n\n\n\n<p>Sources&nbsp;:<\/p>\n\n\n\n<ul class=\"wp-block-list\">\n<li><a href=\"https:\/\/www.vrt.be\/vrtnws\/nl\/2024\/06\/04\/blauwe-zak-is-30-jaar-oud\/\">https:\/\/www.vrt.be\/vrtnws\/nl\/2024\/06\/04\/blauwe-zak-is-30-jaar-oud\/<\/a><\/li>\n\n\n\n<li><a href=\"https:\/\/www.fostplus.be\/fr\/c-est-un-emballage-tant-mieux-il-va-dans-le-sac-bleu\">C\u2019est un emballage&nbsp;? Tant mieux, il va dans le sac bleu&nbsp;! | Fost Plus<\/a><\/li>\n\n\n\n<li><a href=\"https:\/\/www.sudinfo.be\/id881626\/article\/2024-09-16\/vous-ne-savez-pas-toujours-ce-qui-doit-aller-dans-votre-sac-pmc-voici-les\">https:\/\/www.sudinfo.be\/id881626\/article\/2024-09-16\/vous-ne-savez-pas-toujours-ce-qui-doit-aller-dans-votre-sac-pmc-voici-les<\/a><\/li>\n<\/ul>\n","protected":false},"excerpt":{"rendered":"<p>Le sac bleu souffle sa trenti\u00e8me bougie. Depuis sa cr\u00e9ation, les d\u00e9chets qu\u2019il peut contenir ont \u00e9t\u00e9 \u00e9largis aux emballages tels que les pots de yaourt et les sacs en plastique, ce qui facilite le tri. Pourtant, le nombre de d\u00e9chets inappropri\u00e9s qui atterrissent \u00e9galement dans le sac PMC, tels que des chaussures, des jouets, [&hellip;]<\/p>\n","protected":false},"author":1,"featured_media":0,"comment_status":"open","ping_status":"open","sticky":false,"template":"","format":"standard","meta":{"_acf_changed":false,"footnotes":""},"categories":[3],"tags":[],"class_list":["post-755","post","type-post","status-publish","format-standard","hentry","category-non-classifiee"],"acf":[],"_links":{"self":[{"href":"https:\/\/beveragecarton.be\/fr\/wp-json\/wp\/v2\/posts\/755","targetHints":{"allow":["GET"]}}],"collection":[{"href":"https:\/\/beveragecarton.be\/fr\/wp-json\/wp\/v2\/posts"}],"about":[{"href":"https:\/\/beveragecarton.be\/fr\/wp-json\/wp\/v2\/types\/post"}],"author":[{"embeddable":true,"href":"https:\/\/beveragecarton.be\/fr\/wp-json\/wp\/v2\/users\/1"}],"replies":[{"embeddable":true,"href":"https:\/\/beveragecarton.be\/fr\/wp-json\/wp\/v2\/comments?post=755"}],"version-history":[{"count":4,"href":"https:\/\/beveragecarton.be\/fr\/wp-json\/wp\/v2\/posts\/755\/revisions"}],"predecessor-version":[{"id":898,"href":"https:\/\/beveragecarton.be\/fr\/wp-json\/wp\/v2\/posts\/755\/revisions\/898"}],"wp:attachment":[{"href":"https:\/\/beveragecarton.be\/fr\/wp-json\/wp\/v2\/media?parent=755"}],"wp:term":[{"taxonomy":"category","embeddable":true,"href":"https:\/\/beveragecarton.be\/fr\/wp-json\/wp\/v2\/categories?post=755"},{"taxonomy":"post_tag","embeddable":true,"href":"https:\/\/beveragecarton.be\/fr\/wp-json\/wp\/v2\/tags?post=755"}],"curies":[{"name":"wp","href":"https:\/\/api.w.org\/{rel}","templated":true}]}}