{"id":759,"date":"2024-12-05T16:12:00","date_gmt":"2024-12-05T15:12:00","guid":{"rendered":"https:\/\/beveragecarton.be\/?p=759"},"modified":"2024-12-10T17:35:17","modified_gmt":"2024-12-10T16:35:17","slug":"article-6-notre-industrie-investit-massivement-dans-les-capacites-de-recyclage-de-leurope","status":"publish","type":"post","link":"https:\/\/beveragecarton.be\/fr\/article-6-notre-industrie-investit-massivement-dans-les-capacites-de-recyclage-de-leurope\/","title":{"rendered":"Article 6 : Notre industrie investit massivement dans les capacit\u00e9s de recyclage de l\u2019Europe"},"content":{"rendered":"\n<p>Les cartons \u00e0 boissons sont des emballages recyclables de haute qualit\u00e9. La Belgique est m\u00eame l\u2019un des leaders mondiaux et collecte \u00a0% de tous les cartons \u00e0 boissons mis sur le march\u00e9. Cela repr\u00e9sente un taux de recyclage net de 72\u00a0%. Ces excellents chiffres sont le r\u00e9sultat d\u2019un syst\u00e8me de collecte de qualit\u00e9 (Fost Plus) et des investissements consid\u00e9rables de notre industrie. Et nous essayons sans cesse de faire encore mieux\u00a0!<\/p>\n\n\n\n<p>Par exemple, d\u2019importants efforts sont entrepris pour \u00e9tendre les capacit\u00e9s de recyclage du PolyAl en Europe. PolyAl est un mot form\u00e9 de la combinaison de \u00ab\u00a0poly\u00e9thyl\u00e8ne\u00a0\u00bb et \u00ab\u00a0aluminium\u00a0\u00bb, et d\u00e9signe le m\u00e9lange de ces deux \u00e9l\u00e9ments qui subsiste apr\u00e8s l\u2019extraction du papier au cours du processus de recyclage des cartons \u00e0 boissons.<\/p>\n\n\n\n<p>Recon Polymers (situ\u00e9e \u00e0 Roosendaal aux Pays-Bas) est par exemple une usine de recyclage qui se mobilise pour le recyclage du PolyAl. Les bouchons, les opercules, l\u2019aluminium et le plastique situ\u00e9s sur la paroi int\u00e9rieure des cartons \u00e0 boissons provenant de Belgique notamment y sont d\u00e9coup\u00e9s, broy\u00e9s et press\u00e9s afin d\u2019\u00eatre transform\u00e9s en granul\u00e9s de PolyAl. Cette entreprise avant-gardiste transforme le PolyAl en grandes quantit\u00e9s afin d\u2019en faire une mati\u00e8re premi\u00e8re pour des plastiques ayant de nombreuses applications, comme les palettes. Recon Polymers contribue ainsi de fa\u00e7on majeure \u00e0 l\u2019\u00e9conomie circulaire.<\/p>\n\n\n\n<figure class=\"wp-block-image size-large is-resized\"><img loading=\"lazy\" decoding=\"async\" width=\"1024\" height=\"536\" src=\"https:\/\/beveragecarton.be\/wp-content\/uploads\/2024\/12\/ACE-LinkedIN-post-juiste-afmeting-8-1-1024x536.png\" alt=\"\" class=\"wp-image-873\" style=\"width:388px;height:auto\" srcset=\"https:\/\/beveragecarton.be\/wp-content\/uploads\/2024\/12\/ACE-LinkedIN-post-juiste-afmeting-8-1-1024x536.png 1024w, https:\/\/beveragecarton.be\/wp-content\/uploads\/2024\/12\/ACE-LinkedIN-post-juiste-afmeting-8-1-300x157.png 300w, https:\/\/beveragecarton.be\/wp-content\/uploads\/2024\/12\/ACE-LinkedIN-post-juiste-afmeting-8-1-768x402.png 768w, https:\/\/beveragecarton.be\/wp-content\/uploads\/2024\/12\/ACE-LinkedIN-post-juiste-afmeting-8-1.png 1200w\" sizes=\"auto, (max-width: 1024px) 100vw, 1024px\" \/><\/figure>\n\n\n\n<p>Sources&nbsp;:<\/p>\n\n\n\n<ul class=\"wp-block-list\">\n<li><a href=\"https:\/\/www.verpakkingsmanagement.nl\/marktnieuws\/recycling-drankenkartons-belgi%C3%AB-loopt-voor\">https:\/\/www.verpakkingsmanagement.nl\/marktnieuws\/recycling-drankenkartons-belgi%C3%AB-loopt-voor<\/a><\/li>\n\n\n\n<li><a href=\"https:\/\/www.verpakkingsmanagement.nl\/verpakkingsmachines\/recon-polymers-verwerkt-jaarlijks-8500-ton-aan-polyal\">https:\/\/www.verpakkingsmanagement.nl\/verpakkingsmachines\/recon-polymers-verwerkt-jaarlijks-8500-ton-aan-polyal<\/a><\/li>\n\n\n\n<li><a href=\"https:\/\/www.verpakkingsmanagement.nl\/duurzame-verpakkingen\/producenten-drankenkartons-vergroten-recyclingcapaciteit-polyal\">https:\/\/www.verpakkingsmanagement.nl\/duurzame-verpakkingen\/producenten-drankenkartons-vergroten-recyclingcapaciteit-polyal<\/a><\/li>\n<\/ul>\n","protected":false},"excerpt":{"rendered":"<p>Les cartons \u00e0 boissons sont des emballages recyclables de haute qualit\u00e9. La Belgique est m\u00eame l\u2019un des leaders mondiaux et collecte \u00a0% de tous les cartons \u00e0 boissons mis sur le march\u00e9. Cela repr\u00e9sente un taux de recyclage net de 72\u00a0%. Ces excellents chiffres sont le r\u00e9sultat d\u2019un syst\u00e8me de collecte de qualit\u00e9 (Fost Plus) [&hellip;]<\/p>\n","protected":false},"author":1,"featured_media":0,"comment_status":"open","ping_status":"open","sticky":false,"template":"","format":"standard","meta":{"_acf_changed":false,"footnotes":""},"categories":[3],"tags":[],"class_list":["post-759","post","type-post","status-publish","format-standard","hentry","category-non-classifiee"],"acf":[],"_links":{"self":[{"href":"https:\/\/beveragecarton.be\/fr\/wp-json\/wp\/v2\/posts\/759","targetHints":{"allow":["GET"]}}],"collection":[{"href":"https:\/\/beveragecarton.be\/fr\/wp-json\/wp\/v2\/posts"}],"about":[{"href":"https:\/\/beveragecarton.be\/fr\/wp-json\/wp\/v2\/types\/post"}],"author":[{"embeddable":true,"href":"https:\/\/beveragecarton.be\/fr\/wp-json\/wp\/v2\/users\/1"}],"replies":[{"embeddable":true,"href":"https:\/\/beveragecarton.be\/fr\/wp-json\/wp\/v2\/comments?post=759"}],"version-history":[{"count":4,"href":"https:\/\/beveragecarton.be\/fr\/wp-json\/wp\/v2\/posts\/759\/revisions"}],"predecessor-version":[{"id":901,"href":"https:\/\/beveragecarton.be\/fr\/wp-json\/wp\/v2\/posts\/759\/revisions\/901"}],"wp:attachment":[{"href":"https:\/\/beveragecarton.be\/fr\/wp-json\/wp\/v2\/media?parent=759"}],"wp:term":[{"taxonomy":"category","embeddable":true,"href":"https:\/\/beveragecarton.be\/fr\/wp-json\/wp\/v2\/categories?post=759"},{"taxonomy":"post_tag","embeddable":true,"href":"https:\/\/beveragecarton.be\/fr\/wp-json\/wp\/v2\/tags?post=759"}],"curies":[{"name":"wp","href":"https:\/\/api.w.org\/{rel}","templated":true}]}}